{"id":3113,"date":"2016-08-29T19:58:26","date_gmt":"2016-08-29T17:58:26","guid":{"rendered":"https:\/\/jamtechcorp.com\/blog\/?p=2016"},"modified":"2016-08-29T19:58:26","modified_gmt":"2016-08-29T17:58:26","slug":"mark-zuckerberg-presento-aquila-al-papa-francisco-descubre-como-puede-cambiar-al-mundo","status":"publish","type":"post","link":"https:\/\/jamtechcorp.com\/blog\/mark-zuckerberg-presento-aquila-al-papa-francisco-descubre-como-puede-cambiar-al-mundo\/","title":{"rendered":"Mark Zuckerberg present\u00f3 \u00abAquila\u00bb al Papa Francisco"},"content":{"rendered":"<div class=\"row\">\n<div class=\" col-md-offset-1 col-md-10 col-xs-12 col-print-12\">\n<p class=\"element element-paragraph\" style=\"text-align: justify;\">El creador de Facebook,<strong> Mark Zuckerberg,<\/strong>\u00a0visit\u00f3 al <strong>Papa Francisco\u00a0<\/strong>este lunes, \u00a0y aprovech\u00f3 para presentar el\u00a0proyecto <strong>Aquila<\/strong>, la cual es una nave con la que Zuckerberg pretende\u00a0ofrecer internet gratis a las poblaciones m\u00e1s necesitadas del mundo.\u00a0El encuentro tuvo lugar en el <strong>Vaticano<\/strong>\u00a0y el Pont\u00edfice se mostr\u00f3 con el proyecto\u00a0del presidente y fundador de <strong>Facebook, rese\u00f1\u00f3<a href=\"http:\/\/www.infobae.com\/america\/mundo\/2016\/08\/29\/mark-zuckerber-le-presento-al-papa-francisco-su-drone-aquila-para-dar-internet-a-los-pobres\/\"> InfoBae<\/a>.<\/strong><\/p>\n<\/div>\n<\/div>\n<div class=\"row\" style=\"text-align: justify;\">\n<div class=\" col-md-offset-1 col-md-10 col-xs-12 col-print-12\">\n<p class=\"element element-paragraph\">\u201c<strong>Priscilla y yo visitamos al Papa Francisco en el Vaticano. Le dijimos cu\u00e1nto admir\u00e1bamos su mensaje de misericordia y sensibilidad<\/strong>\u201c, public\u00f3 en su perfil personal el\u00a0empresario de 32 a\u00f1os. En el posteo,\u00a0puede verse la imagen del ejecutivo norteamericano con el jefe de la <strong>Iglesia Cat\u00f3lica<\/strong>mostr\u00e1ndole un drone en escala<strong>.<\/strong><\/p>\n<\/div>\n<\/div>\n<div class=\"row\" style=\"text-align: justify;\">\n<div class=\" col-md-offset-1 col-md-10 col-xs-12 col-print-12\">\n<p class=\"element element-paragraph\"><strong>Zuckerberg<\/strong> cont\u00f3 que ambos dialogaron acerca de la \u201c<strong>importancia de conectar a la gente, especialmente en partes del mundo sin acceso a internet<\/strong>\u201c. \u201c<strong>Le dimos un modelo de Aquila, nuestra nave de energ\u00eda solar que dar\u00e1 conectividad a lugares que no la tendr\u00e1n<\/strong>\u201c, agreg\u00f3.<\/p>\n<\/div>\n<\/div>\n<div class=\"row\">\n<div class=\" col-md-offset-1 col-md-10 col-xs-12 col-print-12\">\n<p class=\"element element-paragraph\" style=\"text-align: justify;\">\u201c<strong>Fue un encuentro que nunca olvidaremos. Puedes sentir su calidez y amabilidad y cu\u00e1n profundo se ocupa de ayudar a la gente<\/strong>\u201c, concluy\u00f3\u00a0<strong>Zuckerberg<\/strong> en su publicaci\u00f3n.<\/p>\n<p class=\"element element-paragraph\" style=\"text-align: justify;\">Luego de su visita en el <strong>Vaticano,<\/strong> el fundador de <strong>Facebook<\/strong> se reuni\u00f3 con el primer ministro italiano <strong>Matteo Renzi<\/strong>. En la residencia oficial, ambos hablaron sobre el terremoto que\u00a0conmovi\u00f3 el centro del pa\u00eds y que se cobr\u00f3 la vida de centenares de personas.<\/p>\n<p class=\"element element-paragraph\" style=\"text-align: justify;\"><a href=\"http:\/\/www.infobae.com\/\">Fuente<\/a><\/p>\n<\/div>\n<\/div>\n","protected":false},"excerpt":{"rendered":"<p>El creador de Facebook, Mark Zuckerberg,\u00a0visit\u00f3 al Papa Francisco\u00a0este lunes, \u00a0y aprovech\u00f3 para presentar el\u00a0proyecto Aquila, la cual es una [&hellip;]<\/p>\n","protected":false},"author":1,"featured_media":3114,"comment_status":"closed","ping_status":"open","sticky":false,"template":"","format":"standard","meta":{"inline_featured_image":false,"site-sidebar-layout":"default","site-content-layout":"","ast-site-content-layout":"default","site-content-style":"default","site-sidebar-style":"default","ast-global-header-display":"","ast-banner-title-visibility":"","ast-main-header-display":"","ast-hfb-above-header-display":"","ast-hfb-below-header-display":"","ast-hfb-mobile-header-display":"","site-post-title":"","ast-breadcrumbs-content":"","ast-featured-img":"","footer-sml-layout":"","theme-transparent-header-meta":"","adv-header-id-meta":"","stick-header-meta":"","header-above-stick-meta":"","header-main-stick-meta":"","header-below-stick-meta":"","astra-migrate-meta-layouts":"default","ast-page-background-enabled":"default","ast-page-background-meta":{"desktop":{"background-color":"var(--ast-global-color-5)","background-image":"","background-repeat":"repeat","background-position":"center center","background-size":"auto","background-attachment":"scroll","background-type":"","background-media":"","overlay-type":"","overlay-color":"","overlay-opacity":"","overlay-gradient":""},"tablet":{"background-color":"","background-image":"","background-repeat":"repeat","background-position":"center center","background-size":"auto","background-attachment":"scroll","background-type":"","background-media":"","overlay-type":"","overlay-color":"","overlay-opacity":"","overlay-gradient":""},"mobile":{"background-color":"","background-image":"","background-repeat":"repeat","background-position":"center center","background-size":"auto","background-attachment":"scroll","background-type":"","background-media":"","overlay-type":"","overlay-color":"","overlay-opacity":"","overlay-gradient":""}},"ast-content-background-meta":{"desktop":{"background-color":"var(--ast-global-color-4)","background-image":"","background-repeat":"repeat","background-position":"center center","background-size":"auto","background-attachment":"scroll","background-type":"","background-media":"","overlay-type":"","overlay-color":"","overlay-opacity":"","overlay-gradient":""},"tablet":{"background-color":"var(--ast-global-color-4)","background-image":"","background-repeat":"repeat","background-position":"center center","background-size":"auto","background-attachment":"scroll","background-type":"","background-media":"","overlay-type":"","overlay-color":"","overlay-opacity":"","overlay-gradient":""},"mobile":{"background-color":"var(--ast-global-color-4)","background-image":"","background-repeat":"repeat","background-position":"center center","background-size":"auto","background-attachment":"scroll","background-type":"","background-media":"","overlay-type":"","overlay-color":"","overlay-opacity":"","overlay-gradient":""}},"footnotes":""},"categories":[161],"tags":[602,302,599,601,600],"class_list":["post-3113","post","type-post","status-publish","format-standard","has-post-thumbnail","hentry","category-tecnologia","tag-aquila","tag-facebook","tag-papa","tag-vaticano","tag-zuckerberg"],"yoast_head":"<!-- This site is optimized with the Yoast SEO plugin v25.6 - https:\/\/yoast.com\/wordpress\/plugins\/seo\/ -->\n<title>Mark Zuckerberg present\u00f3 &quot;Aquila&quot; al Papa Francisco - JAM Tech<\/title>\n<meta name=\"description\" content=\"El creador de Facebook,\u00a0Mark Zuckerberg,\u00a0visit\u00f3 al\u00a0Papa Francisco\u00a0este lunes, \u00a0y aprovech\u00f3 para presentar el\u00a0proyecto\u00a0Aquila, la cual es una nave con la que Zuckerberg pretende\u00a0ofrecer internet gratis a las poblaciones m\u00e1s necesitadas del mundo\" \/>\n<meta name=\"robots\" content=\"index, follow, max-snippet:-1, max-image-preview:large, max-video-preview:-1\" \/>\n<link rel=\"canonical\" href=\"https:\/\/jamtechcorp.com\/blog\/mark-zuckerberg-presento-aquila-al-papa-francisco-descubre-como-puede-cambiar-al-mundo\/\" \/>\n<meta property=\"og:locale\" content=\"es_ES\" \/>\n<meta property=\"og:type\" content=\"article\" \/>\n<meta property=\"og:title\" content=\"Mark Zuckerberg present\u00f3 &quot;Aquila&quot; al Papa Francisco - JAM Tech\" \/>\n<meta property=\"og:description\" content=\"El creador de Facebook,\u00a0Mark Zuckerberg,\u00a0visit\u00f3 al\u00a0Papa Francisco\u00a0este lunes, \u00a0y aprovech\u00f3 para presentar el\u00a0proyecto\u00a0Aquila, la cual es una nave con la que Zuckerberg pretende\u00a0ofrecer internet gratis a las poblaciones m\u00e1s necesitadas del mundo\" \/>\n<meta property=\"og:url\" content=\"https:\/\/jamtechcorp.com\/blog\/mark-zuckerberg-presento-aquila-al-papa-francisco-descubre-como-puede-cambiar-al-mundo\/\" \/>\n<meta property=\"og:site_name\" content=\"JAM Tech\" \/>\n<meta property=\"article:published_time\" content=\"2016-08-29T17:58:26+00:00\" \/>\n<meta property=\"og:image\" content=\"https:\/\/jamtechcorp.com\/blog\/wp-content\/uploads\/2016\/08\/2016-08-29T122651Z_455540630_S1AETYFNKLAA_RTRMADP_3_POPE-VATICAN-scaled.jpg\" \/>\n\t<meta property=\"og:image:width\" content=\"2560\" \/>\n\t<meta property=\"og:image:height\" content=\"1706\" \/>\n\t<meta property=\"og:image:type\" content=\"image\/jpeg\" \/>\n<meta name=\"author\" content=\"jamtechblog\" \/>\n<meta name=\"twitter:card\" content=\"summary_large_image\" \/>\n<meta name=\"twitter:label1\" content=\"Escrito por\" \/>\n\t<meta name=\"twitter:data1\" content=\"jamtechblog\" \/>\n\t<meta name=\"twitter:label2\" content=\"Tiempo de lectura\" \/>\n\t<meta name=\"twitter:data2\" content=\"1 minuto\" \/>\n<script type=\"application\/ld+json\" class=\"yoast-schema-graph\">{\"@context\":\"https:\/\/schema.org\",\"@graph\":[{\"@type\":\"WebPage\",\"@id\":\"https:\/\/jamtechcorp.com\/blog\/mark-zuckerberg-presento-aquila-al-papa-francisco-descubre-como-puede-cambiar-al-mundo\/\",\"url\":\"https:\/\/jamtechcorp.com\/blog\/mark-zuckerberg-presento-aquila-al-papa-francisco-descubre-como-puede-cambiar-al-mundo\/\",\"name\":\"Mark Zuckerberg present\u00f3 \\\"Aquila\\\" al Papa Francisco - JAM Tech\",\"isPartOf\":{\"@id\":\"https:\/\/jamtechcorp.com\/blog\/#website\"},\"primaryImageOfPage\":{\"@id\":\"https:\/\/jamtechcorp.com\/blog\/mark-zuckerberg-presento-aquila-al-papa-francisco-descubre-como-puede-cambiar-al-mundo\/#primaryimage\"},\"image\":{\"@id\":\"https:\/\/jamtechcorp.com\/blog\/mark-zuckerberg-presento-aquila-al-papa-francisco-descubre-como-puede-cambiar-al-mundo\/#primaryimage\"},\"thumbnailUrl\":\"https:\/\/jamtechcorp.com\/blog\/wp-content\/uploads\/2016\/08\/2016-08-29T122651Z_455540630_S1AETYFNKLAA_RTRMADP_3_POPE-VATICAN-scaled.jpg\",\"datePublished\":\"2016-08-29T17:58:26+00:00\",\"author\":{\"@id\":\"https:\/\/jamtechcorp.com\/blog\/#\/schema\/person\/17a77a0f91d506335e5144025dcc8d21\"},\"description\":\"El creador de Facebook,\u00a0Mark Zuckerberg,\u00a0visit\u00f3 al\u00a0Papa Francisco\u00a0este lunes, \u00a0y aprovech\u00f3 para presentar el\u00a0proyecto\u00a0Aquila, la cual es una nave con la que Zuckerberg pretende\u00a0ofrecer internet gratis a las poblaciones m\u00e1s necesitadas del mundo\",\"breadcrumb\":{\"@id\":\"https:\/\/jamtechcorp.com\/blog\/mark-zuckerberg-presento-aquila-al-papa-francisco-descubre-como-puede-cambiar-al-mundo\/#breadcrumb\"},\"inLanguage\":\"es\",\"potentialAction\":[{\"@type\":\"ReadAction\",\"target\":[\"https:\/\/jamtechcorp.com\/blog\/mark-zuckerberg-presento-aquila-al-papa-francisco-descubre-como-puede-cambiar-al-mundo\/\"]}]},{\"@type\":\"ImageObject\",\"inLanguage\":\"es\",\"@id\":\"https:\/\/jamtechcorp.com\/blog\/mark-zuckerberg-presento-aquila-al-papa-francisco-descubre-como-puede-cambiar-al-mundo\/#primaryimage\",\"url\":\"https:\/\/jamtechcorp.com\/blog\/wp-content\/uploads\/2016\/08\/2016-08-29T122651Z_455540630_S1AETYFNKLAA_RTRMADP_3_POPE-VATICAN-scaled.jpg\",\"contentUrl\":\"https:\/\/jamtechcorp.com\/blog\/wp-content\/uploads\/2016\/08\/2016-08-29T122651Z_455540630_S1AETYFNKLAA_RTRMADP_3_POPE-VATICAN-scaled.jpg\",\"width\":2560,\"height\":1706},{\"@type\":\"BreadcrumbList\",\"@id\":\"https:\/\/jamtechcorp.com\/blog\/mark-zuckerberg-presento-aquila-al-papa-francisco-descubre-como-puede-cambiar-al-mundo\/#breadcrumb\",\"itemListElement\":[{\"@type\":\"ListItem\",\"position\":1,\"name\":\"Home\",\"item\":\"https:\/\/jamtechcorp.com\/blog\/\"},{\"@type\":\"ListItem\",\"position\":2,\"name\":\"Mark Zuckerberg present\u00f3 \u00abAquila\u00bb al Papa Francisco\"}]},{\"@type\":\"WebSite\",\"@id\":\"https:\/\/jamtechcorp.com\/blog\/#website\",\"url\":\"https:\/\/jamtechcorp.com\/blog\/\",\"name\":\"JAM Tech\",\"description\":\"Blog\",\"potentialAction\":[{\"@type\":\"SearchAction\",\"target\":{\"@type\":\"EntryPoint\",\"urlTemplate\":\"https:\/\/jamtechcorp.com\/blog\/?s={search_term_string}\"},\"query-input\":{\"@type\":\"PropertyValueSpecification\",\"valueRequired\":true,\"valueName\":\"search_term_string\"}}],\"inLanguage\":\"es\"},{\"@type\":\"Person\",\"@id\":\"https:\/\/jamtechcorp.com\/blog\/#\/schema\/person\/17a77a0f91d506335e5144025dcc8d21\",\"name\":\"jamtechblog\",\"image\":{\"@type\":\"ImageObject\",\"inLanguage\":\"es\",\"@id\":\"https:\/\/jamtechcorp.com\/blog\/#\/schema\/person\/image\/\",\"url\":\"https:\/\/secure.gravatar.com\/avatar\/11a1115ba30372d08c78ab6123c83688d2a881a581db6b16b11baee6c5c26a4d?s=96&d=mm&r=g\",\"contentUrl\":\"https:\/\/secure.gravatar.com\/avatar\/11a1115ba30372d08c78ab6123c83688d2a881a581db6b16b11baee6c5c26a4d?s=96&d=mm&r=g\",\"caption\":\"jamtechblog\"}}]}<\/script>\n<!-- \/ Yoast SEO plugin. -->","yoast_head_json":{"title":"Mark Zuckerberg present\u00f3 \"Aquila\" al Papa Francisco - JAM Tech","description":"El creador de Facebook,\u00a0Mark Zuckerberg,\u00a0visit\u00f3 al\u00a0Papa Francisco\u00a0este lunes, \u00a0y aprovech\u00f3 para presentar el\u00a0proyecto\u00a0Aquila, la cual es una nave con la que Zuckerberg pretende\u00a0ofrecer internet gratis a las poblaciones m\u00e1s necesitadas del mundo","robots":{"index":"index","follow":"follow","max-snippet":"max-snippet:-1","max-image-preview":"max-image-preview:large","max-video-preview":"max-video-preview:-1"},"canonical":"https:\/\/jamtechcorp.com\/blog\/mark-zuckerberg-presento-aquila-al-papa-francisco-descubre-como-puede-cambiar-al-mundo\/","og_locale":"es_ES","og_type":"article","og_title":"Mark Zuckerberg present\u00f3 \"Aquila\" al Papa Francisco - JAM Tech","og_description":"El creador de Facebook,\u00a0Mark Zuckerberg,\u00a0visit\u00f3 al\u00a0Papa Francisco\u00a0este lunes, \u00a0y aprovech\u00f3 para presentar el\u00a0proyecto\u00a0Aquila, la cual es una nave con la que Zuckerberg pretende\u00a0ofrecer internet gratis a las poblaciones m\u00e1s necesitadas del mundo","og_url":"https:\/\/jamtechcorp.com\/blog\/mark-zuckerberg-presento-aquila-al-papa-francisco-descubre-como-puede-cambiar-al-mundo\/","og_site_name":"JAM Tech","article_published_time":"2016-08-29T17:58:26+00:00","og_image":[{"width":2560,"height":1706,"url":"https:\/\/jamtechcorp.com\/blog\/wp-content\/uploads\/2016\/08\/2016-08-29T122651Z_455540630_S1AETYFNKLAA_RTRMADP_3_POPE-VATICAN-scaled.jpg","type":"image\/jpeg"}],"author":"jamtechblog","twitter_card":"summary_large_image","twitter_misc":{"Escrito por":"jamtechblog","Tiempo de lectura":"1 minuto"},"schema":{"@context":"https:\/\/schema.org","@graph":[{"@type":"WebPage","@id":"https:\/\/jamtechcorp.com\/blog\/mark-zuckerberg-presento-aquila-al-papa-francisco-descubre-como-puede-cambiar-al-mundo\/","url":"https:\/\/jamtechcorp.com\/blog\/mark-zuckerberg-presento-aquila-al-papa-francisco-descubre-como-puede-cambiar-al-mundo\/","name":"Mark Zuckerberg present\u00f3 \"Aquila\" al Papa Francisco - JAM Tech","isPartOf":{"@id":"https:\/\/jamtechcorp.com\/blog\/#website"},"primaryImageOfPage":{"@id":"https:\/\/jamtechcorp.com\/blog\/mark-zuckerberg-presento-aquila-al-papa-francisco-descubre-como-puede-cambiar-al-mundo\/#primaryimage"},"image":{"@id":"https:\/\/jamtechcorp.com\/blog\/mark-zuckerberg-presento-aquila-al-papa-francisco-descubre-como-puede-cambiar-al-mundo\/#primaryimage"},"thumbnailUrl":"https:\/\/jamtechcorp.com\/blog\/wp-content\/uploads\/2016\/08\/2016-08-29T122651Z_455540630_S1AETYFNKLAA_RTRMADP_3_POPE-VATICAN-scaled.jpg","datePublished":"2016-08-29T17:58:26+00:00","author":{"@id":"https:\/\/jamtechcorp.com\/blog\/#\/schema\/person\/17a77a0f91d506335e5144025dcc8d21"},"description":"El creador de Facebook,\u00a0Mark Zuckerberg,\u00a0visit\u00f3 al\u00a0Papa Francisco\u00a0este lunes, \u00a0y aprovech\u00f3 para presentar el\u00a0proyecto\u00a0Aquila, la cual es una nave con la que Zuckerberg pretende\u00a0ofrecer internet gratis a las poblaciones m\u00e1s necesitadas del mundo","breadcrumb":{"@id":"https:\/\/jamtechcorp.com\/blog\/mark-zuckerberg-presento-aquila-al-papa-francisco-descubre-como-puede-cambiar-al-mundo\/#breadcrumb"},"inLanguage":"es","potentialAction":[{"@type":"ReadAction","target":["https:\/\/jamtechcorp.com\/blog\/mark-zuckerberg-presento-aquila-al-papa-francisco-descubre-como-puede-cambiar-al-mundo\/"]}]},{"@type":"ImageObject","inLanguage":"es","@id":"https:\/\/jamtechcorp.com\/blog\/mark-zuckerberg-presento-aquila-al-papa-francisco-descubre-como-puede-cambiar-al-mundo\/#primaryimage","url":"https:\/\/jamtechcorp.com\/blog\/wp-content\/uploads\/2016\/08\/2016-08-29T122651Z_455540630_S1AETYFNKLAA_RTRMADP_3_POPE-VATICAN-scaled.jpg","contentUrl":"https:\/\/jamtechcorp.com\/blog\/wp-content\/uploads\/2016\/08\/2016-08-29T122651Z_455540630_S1AETYFNKLAA_RTRMADP_3_POPE-VATICAN-scaled.jpg","width":2560,"height":1706},{"@type":"BreadcrumbList","@id":"https:\/\/jamtechcorp.com\/blog\/mark-zuckerberg-presento-aquila-al-papa-francisco-descubre-como-puede-cambiar-al-mundo\/#breadcrumb","itemListElement":[{"@type":"ListItem","position":1,"name":"Home","item":"https:\/\/jamtechcorp.com\/blog\/"},{"@type":"ListItem","position":2,"name":"Mark Zuckerberg present\u00f3 \u00abAquila\u00bb al Papa Francisco"}]},{"@type":"WebSite","@id":"https:\/\/jamtechcorp.com\/blog\/#website","url":"https:\/\/jamtechcorp.com\/blog\/","name":"JAM Tech","description":"Blog","potentialAction":[{"@type":"SearchAction","target":{"@type":"EntryPoint","urlTemplate":"https:\/\/jamtechcorp.com\/blog\/?s={search_term_string}"},"query-input":{"@type":"PropertyValueSpecification","valueRequired":true,"valueName":"search_term_string"}}],"inLanguage":"es"},{"@type":"Person","@id":"https:\/\/jamtechcorp.com\/blog\/#\/schema\/person\/17a77a0f91d506335e5144025dcc8d21","name":"jamtechblog","image":{"@type":"ImageObject","inLanguage":"es","@id":"https:\/\/jamtechcorp.com\/blog\/#\/schema\/person\/image\/","url":"https:\/\/secure.gravatar.com\/avatar\/11a1115ba30372d08c78ab6123c83688d2a881a581db6b16b11baee6c5c26a4d?s=96&d=mm&r=g","contentUrl":"https:\/\/secure.gravatar.com\/avatar\/11a1115ba30372d08c78ab6123c83688d2a881a581db6b16b11baee6c5c26a4d?s=96&d=mm&r=g","caption":"jamtechblog"}}]}},"_links":{"self":[{"href":"https:\/\/jamtechcorp.com\/blog\/wp-json\/wp\/v2\/posts\/3113","targetHints":{"allow":["GET"]}}],"collection":[{"href":"https:\/\/jamtechcorp.com\/blog\/wp-json\/wp\/v2\/posts"}],"about":[{"href":"https:\/\/jamtechcorp.com\/blog\/wp-json\/wp\/v2\/types\/post"}],"author":[{"embeddable":true,"href":"https:\/\/jamtechcorp.com\/blog\/wp-json\/wp\/v2\/users\/1"}],"replies":[{"embeddable":true,"href":"https:\/\/jamtechcorp.com\/blog\/wp-json\/wp\/v2\/comments?post=3113"}],"version-history":[{"count":0,"href":"https:\/\/jamtechcorp.com\/blog\/wp-json\/wp\/v2\/posts\/3113\/revisions"}],"wp:featuredmedia":[{"embeddable":true,"href":"https:\/\/jamtechcorp.com\/blog\/wp-json\/wp\/v2\/media\/3114"}],"wp:attachment":[{"href":"https:\/\/jamtechcorp.com\/blog\/wp-json\/wp\/v2\/media?parent=3113"}],"wp:term":[{"taxonomy":"category","embeddable":true,"href":"https:\/\/jamtechcorp.com\/blog\/wp-json\/wp\/v2\/categories?post=3113"},{"taxonomy":"post_tag","embeddable":true,"href":"https:\/\/jamtechcorp.com\/blog\/wp-json\/wp\/v2\/tags?post=3113"}],"curies":[{"name":"wp","href":"https:\/\/api.w.org\/{rel}","templated":true}]}}